{"id":11635,"date":"2026-04-30T19:06:49","date_gmt":"2026-04-30T18:06:49","guid":{"rendered":"https:\/\/liv-in.com\/?p=11635"},"modified":"2026-04-30T20:25:26","modified_gmt":"2026-04-30T19:25:26","slug":"um-quarto-que-cresce-com-a-imaginacao-design-inspirado-na-floresta","status":"publish","type":"post","link":"https:\/\/liv-in.com\/pt-pt\/um-quarto-que-cresce-com-a-imaginacao-design-inspirado-na-floresta\/","title":{"rendered":"Um quarto que cresce com a imagina\u00e7\u00e3o: design inspirado na floresta"},"content":{"rendered":"\n<p><strong>Quando a casa escuta as crian\u00e7as<\/strong><br>O ponto de partida n\u00e3o foi uma tend\u00eancia nem um cat\u00e1logo, mas uma ideia simples e poderosa trazida pela m\u00e3e: criar uma plataforma tipo \u00e1rvore, onde os seus dois filhos pudessem subir, brincar e gastar energia juntos. A partir da\u00ed, o quarto deixou de ser apenas um espa\u00e7o para dormir e passou a ser um territ\u00f3rio de aventura quotidiana, pensado para crian\u00e7as entre os 4 e os 8 anos, cheias de movimento, cumplicidade e imagina\u00e7\u00e3o.<br>O desafio era claro: como transformar essa ideia l\u00fadica num ambiente equilibrado, funcional e visualmente sofisticado, sem perder o controlo do espa\u00e7o nem da rotina familiar?<br><\/p>\n\n\n\n<p><strong>Desenvolvimento \u2014 o espa\u00e7o como narrativa<\/strong><br>Tal como numa boa hist\u00f3ria, tudo neste quarto gira em torno de um elemento central: a plataforma elevada, inspirada numa casa na \u00e1rvore. \u00c9 ela que organiza o espa\u00e7o, define percursos e cria um ponto de encontro natural entre os dois irm\u00e3os.<br>As camas, desenhadas \u00e0 medida, posicionam-se simetricamente de cada lado da escada que conduz \u00e0 plataforma. Entre elas, uma estante central funciona como mesa de cabeceira dupla: dividida de forma subtil, oferece a cada crian\u00e7a o seu territ\u00f3rio e garante aquela privacidade essencial mesmo em partilha.<br>O desenho das camas foge ao \u00f3bvio: estofadas, com volumes suaves que evocam nuvens, introduzem uma camada de conforto visual e t\u00e1ctil. N\u00e3o s\u00e3o apenas camas; s\u00e3o elementos cenogr\u00e1ficos que equilibram a energia do brincar com a serenidade do descanso.<br>E se as camas s\u00e3o nuvens, o teto transforma-se naturalmente em c\u00e9u. Sobre elas, nuvens suspensas com pequenos pontos de LED criam uma ilumina\u00e7\u00e3o delicada, quase po\u00e9tica, como se o quarto tivesse o seu pr\u00f3prio c\u00e9u estrelado, uma solu\u00e7\u00e3o que alia conforto noturno a um imagin\u00e1rio infantil cuidadosamente constru\u00eddo.<br><\/p>\n\n\n\n<p><strong>A floresta ganha vida<\/strong><br>A parede onde a plataforma est\u00e1 fixa \u00e9 o cora\u00e7\u00e3o emocional do projeto. Uma floresta pintada \u00e0 m\u00e3o percorre toda a extens\u00e3o, dando profundidade, textura e narrativa ao espa\u00e7o. N\u00e3o \u00e9 um papel de parede repetitivo, mas uma composi\u00e7\u00e3o art\u00edstica \u00fanica, que cresce com o olhar da crian\u00e7a e nunca se esgota.<br>A paleta crom\u00e1tica refor\u00e7a este conceito: verdes suaves nas paredes e na estrutura, combinados com tons de cinzento contempor\u00e2neos nas camas, cortinados e na banqueta. O resultado \u00e9 um equil\u00edbrio entre fantasia e sofistica\u00e7\u00e3o, um quarto infantil que n\u00e3o infantiliza em excesso e que pode evoluir ao longo dos anos.<br>A banqueta, estofada e integrada no desenho do quarto, resolve um problema pr\u00e1tico com eleg\u00e2ncia: sentar, cal\u00e7ar sapatos, guardar brinquedos. O compartimento interior com caixas facilita a arruma\u00e7\u00e3o aut\u00f3noma das crian\u00e7as e, de forma quase invis\u00edvel, simplifica o dia-a-dia da m\u00e3e.<br><\/p>\n\n\n\n<p><strong>Design que educa, acolhe e acompanha<\/strong><br>Este quarto n\u00e3o foi desenhado apenas para hoje, mas para acompanhar uma fase inteira da inf\u00e2ncia. \u00c9 um espa\u00e7o que estimula o movimento, promove a partilha, respeita a individualidade e ensina, sem palavras, no\u00e7\u00f5es de ordem, perten\u00e7a e autonomia.<br>Quando o design de interiores parte de uma ideia emocional (neste caso, uma casa na \u00e1rvore) e \u00e9 desenvolvido com rigor t\u00e9cnico e sensibilidade est\u00e9tica, o resultado vai muito al\u00e9m da decora\u00e7\u00e3o. Torna-se uma experi\u00eancia.<br>Se acredita que os espa\u00e7os onde as crian\u00e7as crescem devem ser t\u00e3o bem pensados quanto qualquer outro ambiente da casa, talvez esteja na altura de repensar o que um quarto infantil pode ser.<br><\/p>\n\n\n\n<p>Na Liv\u2019in, desenhamos espa\u00e7os que contam hist\u00f3rias e crescem com quem os habita. Fale connosco e transforme ideias em ambientes com significado.<\/p>\n","protected":false},"excerpt":{"rendered":"<p>Quando a casa escuta as crian\u00e7asO ponto de partida n\u00e3o foi uma tend\u00eancia nem um cat\u00e1logo, mas uma ideia simples e poderosa trazida pela m\u00e3e: criar uma plataforma tipo \u00e1rvore, onde os seus dois filhos pudessem subir, brincar e gastar energia juntos. A partir da\u00ed, o quarto deixou de ser apenas um espa\u00e7o para dormir [&hellip;]<\/p>\n","protected":false},"author":3,"featured_media":0,"comment_status":"open","ping_status":"open","sticky":false,"template":"","format":"standard","meta":{"_acf_changed":false,"_seopress_robots_primary_cat":"","_seopress_titles_title":"","_seopress_titles_desc":"","_seopress_robots_index":"","inline_featured_image":false,"footnotes":""},"categories":[78],"tags":[],"class_list":["post-11635","post","type-post","status-publish","format-standard","hentry","category-dicas"],"acf":[],"_links":{"self":[{"href":"https:\/\/liv-in.com\/pt-pt\/wp-json\/wp\/v2\/posts\/11635","targetHints":{"allow":["GET"]}}],"collection":[{"href":"https:\/\/liv-in.com\/pt-pt\/wp-json\/wp\/v2\/posts"}],"about":[{"href":"https:\/\/liv-in.com\/pt-pt\/wp-json\/wp\/v2\/types\/post"}],"author":[{"embeddable":true,"href":"https:\/\/liv-in.com\/pt-pt\/wp-json\/wp\/v2\/users\/3"}],"replies":[{"embeddable":true,"href":"https:\/\/liv-in.com\/pt-pt\/wp-json\/wp\/v2\/comments?post=11635"}],"version-history":[{"count":3,"href":"https:\/\/liv-in.com\/pt-pt\/wp-json\/wp\/v2\/posts\/11635\/revisions"}],"predecessor-version":[{"id":11639,"href":"https:\/\/liv-in.com\/pt-pt\/wp-json\/wp\/v2\/posts\/11635\/revisions\/11639"}],"wp:attachment":[{"href":"https:\/\/liv-in.com\/pt-pt\/wp-json\/wp\/v2\/media?parent=11635"}],"wp:term":[{"taxonomy":"category","embeddable":true,"href":"https:\/\/liv-in.com\/pt-pt\/wp-json\/wp\/v2\/categories?post=11635"},{"taxonomy":"post_tag","embeddable":true,"href":"https:\/\/liv-in.com\/pt-pt\/wp-json\/wp\/v2\/tags?post=11635"}],"curies":[{"name":"wp","href":"https:\/\/api.w.org\/{rel}","templated":true}]}}